{"id":351,"date":"2015-02-23T15:45:53","date_gmt":"2015-02-23T14:45:53","guid":{"rendered":"http:\/\/ddt21.noblogs.org\/?p=351"},"modified":"2020-05-01T10:40:01","modified_gmt":"2020-05-01T08:40:01","slug":"1789-1799-revolution-bourgeoise-et-luttes-de-classes-en-france-interview","status":"publish","type":"post","link":"https:\/\/ddt21.noblogs.org\/?p=351","title":{"rendered":"ENTRETIEN \/ 1789-1799 : R\u00e9volution bourgeoise et luttes de classes en France."},"content":{"rendered":"<p><strong><a href=\"https:\/\/ddt21.noblogs.org\/files\/2015\/02\/DDT21-Douter-de-tout.-R\u00e9volution-bourgeoise-et-luttes-de-classes-1.jpg\"><img loading=\"lazy\" decoding=\"async\" class=\"alignleft size-medium wp-image-358\" src=\"https:\/\/ddt21.noblogs.org\/files\/2015\/02\/DDT21-Douter-de-tout.-R\u00e9volution-bourgeoise-et-luttes-de-classes-1-300x188.jpg\" alt=\"DDT21, Douter de tout. R\u00e9volution bourgeoise et luttes de classes (1)\" width=\"300\" height=\"188\" srcset=\"https:\/\/ddt21.noblogs.org\/files\/2015\/02\/DDT21-Douter-de-tout.-R\u00e9volution-bourgeoise-et-luttes-de-classes-1-300x188.jpg 300w, https:\/\/ddt21.noblogs.org\/files\/2015\/02\/DDT21-Douter-de-tout.-R\u00e9volution-bourgeoise-et-luttes-de-classes-1.jpg 852w\" sizes=\"auto, (max-width: 300px) 100vw, 300px\" \/><\/a><em>Entretien avec Sandra C. autour de la brochure <\/em>R\u00e9volution bourgeoise et luttes de classes en France, 1789-1799 (1\u00e8re partie)<em> publi\u00e9e en octobre 2014.<\/em><\/strong><\/p>\n<p><strong>DDT21: La R\u00e9volution fran\u00e7aise a eu lieu il y a plus de 200 ans\u00a0: en quoi importe-elle pour nous en ce d\u00e9but de XXI<sup>\u00e8me<\/sup> si\u00e8cle\u00a0?<br \/>\nSandra C: <\/strong>La R\u00e9volution fran\u00e7aise se situe dans une p\u00e9riode\u00a0durant laquelle se mettent en place les structures \u00e9conomiques, sociales et politiques que nous connaissons aujourd&rsquo;hui. La fin du XVIIIe si\u00e8cle voit en effet l&rsquo;\u00e9mergence du mode de production capitaliste en Europe de l&rsquo;Ouest et en Am\u00e9rique du Nord, avec l&rsquo;amorce de la r\u00e9volution industrielle. La mont\u00e9e en puissance de la bourgeoisie est associ\u00e9e \u00e0 cette mutation \u00e9conomique. Elle revendique la libert\u00e9 d&rsquo;entreprendre, l&rsquo;\u00e9galit\u00e9 des droits et les libert\u00e9s individuelles. Au moment de la R\u00e9volution, elle contribue \u00e0&#8230; <a href=\"https:\/\/ddt21.noblogs.org\/?page_id=350\"><strong>LIRE LA SUITE<\/strong><\/a><\/p>\n","protected":false},"excerpt":{"rendered":"<p>Entretien avec Sandra C. autour de la brochure R\u00e9volution bourgeoise et luttes de classes en France, 1789-1799 (1\u00e8re partie) publi\u00e9e en octobre 2014. DDT21: La R\u00e9volution fran\u00e7aise a eu lieu il y a plus de 200 ans\u00a0: en quoi importe-elle &hellip; <a href=\"https:\/\/ddt21.noblogs.org\/?p=351\">Continuer la lecture <span class=\"meta-nav\">&rarr;<\/span><\/a><\/p>\n","protected":false},"author":8284,"featured_media":0,"comment_status":"closed","ping_status":"closed","sticky":false,"template":"","format":"standard","meta":{"footnotes":""},"categories":[11],"tags":[],"class_list":["post-351","post","type-post","status-publish","format-standard","hentry","category-histoire"],"_links":{"self":[{"href":"https:\/\/ddt21.noblogs.org\/index.php?rest_route=\/wp\/v2\/posts\/351","targetHints":{"allow":["GET"]}}],"collection":[{"href":"https:\/\/ddt21.noblogs.org\/index.php?rest_route=\/wp\/v2\/posts"}],"about":[{"href":"https:\/\/ddt21.noblogs.org\/index.php?rest_route=\/wp\/v2\/types\/post"}],"author":[{"embeddable":true,"href":"https:\/\/ddt21.noblogs.org\/index.php?rest_route=\/wp\/v2\/users\/8284"}],"replies":[{"embeddable":true,"href":"https:\/\/ddt21.noblogs.org\/index.php?rest_route=%2Fwp%2Fv2%2Fcomments&post=351"}],"version-history":[{"count":5,"href":"https:\/\/ddt21.noblogs.org\/index.php?rest_route=\/wp\/v2\/posts\/351\/revisions"}],"predecessor-version":[{"id":1428,"href":"https:\/\/ddt21.noblogs.org\/index.php?rest_route=\/wp\/v2\/posts\/351\/revisions\/1428"}],"wp:attachment":[{"href":"https:\/\/ddt21.noblogs.org\/index.php?rest_route=%2Fwp%2Fv2%2Fmedia&parent=351"}],"wp:term":[{"taxonomy":"category","embeddable":true,"href":"https:\/\/ddt21.noblogs.org\/index.php?rest_route=%2Fwp%2Fv2%2Fcategories&post=351"},{"taxonomy":"post_tag","embeddable":true,"href":"https:\/\/ddt21.noblogs.org\/index.php?rest_route=%2Fwp%2Fv2%2Ftags&post=351"}],"curies":[{"name":"wp","href":"https:\/\/api.w.org\/{rel}","templated":true}]}}