{"id":2939,"date":"2020-09-09T09:28:25","date_gmt":"2020-09-09T07:28:25","guid":{"rendered":"https:\/\/ddt21.noblogs.org\/?p=2939"},"modified":"2021-02-24T18:19:28","modified_gmt":"2021-02-24T17:19:28","slug":"article-abolir-la-police","status":"publish","type":"post","link":"https:\/\/ddt21.noblogs.org\/?p=2939","title":{"rendered":"ARTICLE \/ Abolir la police ?"},"content":{"rendered":"<p class=\"western\" align=\"JUSTIFY\"><span style=\"font-family: Times New Roman, serif\"><span style=\"font-family: Georgia, serif\"><span style=\"font-size: medium\"><a href=\"https:\/\/ddt21.noblogs.org\/files\/2020\/09\/Abolir-la-police.-Defund-the-police-1-Copie.jpg\"><img loading=\"lazy\" decoding=\"async\" class=\"alignleft size-medium wp-image-2953\" src=\"https:\/\/ddt21.noblogs.org\/files\/2020\/09\/Abolir-la-police.-Defund-the-police-1-Copie-300x206.jpg\" alt=\"\" width=\"300\" height=\"206\" srcset=\"https:\/\/ddt21.noblogs.org\/files\/2020\/09\/Abolir-la-police.-Defund-the-police-1-Copie-300x206.jpg 300w, https:\/\/ddt21.noblogs.org\/files\/2020\/09\/Abolir-la-police.-Defund-the-police-1-Copie-768x529.jpg 768w, https:\/\/ddt21.noblogs.org\/files\/2020\/09\/Abolir-la-police.-Defund-the-police-1-Copie.jpg 943w\" sizes=\"auto, (max-width: 300px) 100vw, 300px\" \/><\/a>La mort de George Floyd, le 25 mai 2020 \u00e0 Minneapolis, d\u00e9clenche une flamb\u00e9e de violence \u00e0 travers les \u00c9tats-Unis qui, dans un premier temps, se traduit par des attaques contre les forces de l\u2019ordre et leurs locaux, des incendies, des \u00e9meutes nocturnes et des pillages de magasins. Pour les manifestants \u2013 essentiellement des prol\u00e9taires \u00e0 la couleur de peau vari\u00e9e issus des quartiers pauvres des villes \u2013, les violences et le racisme de la police semblent un pr\u00e9texte pour exprimer une col\u00e8re plus profonde \u2013 \u00e0 noter que les commerces sont pris pour cibles quelle que soit, l\u00e0 encore, la couleur de peau de leur propri\u00e9taire. Mais la r\u00e9pression polici\u00e8re et judiciaire est s\u00e9v\u00e8re et efficace. Apr\u00e8s quelques jours, un second type de mobilisation se fait jour et tend \u00e0 remplacer la premi\u00e8re, celle de manifestants surtout issus des classes moyennes noire et blanche avec parmi eux, et les encadrants, de tr\u00e8s nombreux militants d\u2019organisations et d\u2019associations citoyennes, de gauche et d\u2019extr\u00eame gauche, en particulier celles se revendiquant peu ou prou du mouvement Black Lives Matter ; les modes d\u2019action changent : manifestations de jour, d\u00e9boulonnages de statues, tentatives d\u2019occupation d\u2019espaces publics (\u00e0 la mode Occupy et Nuit Debout), et non-violence g\u00e9n\u00e9ralement brandie comme \u00e9tendard. L\u2019ennemi est clairement d\u00e9sign\u00e9, le racisme ; et son principal vecteur identifi\u00e9, la police. <\/span><\/span><a href=\"https:\/\/ddt21.noblogs.org\/?page_id=2932\" target=\"_blank\" rel=\"noopener noreferrer\"><strong><span style=\"font-family: Georgia, serif\"><span style=\"font-size: medium\">LIRE LA SUITE<\/span><\/span><\/strong><\/a><\/span><\/p>\n","protected":false},"excerpt":{"rendered":"<p>La mort de George Floyd, le 25 mai 2020 \u00e0 Minneapolis, d\u00e9clenche une flamb\u00e9e de violence \u00e0 travers les \u00c9tats-Unis qui, dans un premier temps, se traduit par des attaques contre les forces de l\u2019ordre et leurs locaux, des incendies, &hellip; <a href=\"https:\/\/ddt21.noblogs.org\/?p=2939\">Continuer la lecture <span class=\"meta-nav\">&rarr;<\/span><\/a><\/p>\n","protected":false},"author":8284,"featured_media":0,"comment_status":"closed","ping_status":"closed","sticky":false,"template":"","format":"standard","meta":{"footnotes":""},"categories":[24,29,14],"tags":[],"class_list":["post-2939","post","type-post","status-publish","format-standard","hentry","category-crime","category-pays-etats-un","category-racisme"],"_links":{"self":[{"href":"https:\/\/ddt21.noblogs.org\/index.php?rest_route=\/wp\/v2\/posts\/2939","targetHints":{"allow":["GET"]}}],"collection":[{"href":"https:\/\/ddt21.noblogs.org\/index.php?rest_route=\/wp\/v2\/posts"}],"about":[{"href":"https:\/\/ddt21.noblogs.org\/index.php?rest_route=\/wp\/v2\/types\/post"}],"author":[{"embeddable":true,"href":"https:\/\/ddt21.noblogs.org\/index.php?rest_route=\/wp\/v2\/users\/8284"}],"replies":[{"embeddable":true,"href":"https:\/\/ddt21.noblogs.org\/index.php?rest_route=%2Fwp%2Fv2%2Fcomments&post=2939"}],"version-history":[{"count":10,"href":"https:\/\/ddt21.noblogs.org\/index.php?rest_route=\/wp\/v2\/posts\/2939\/revisions"}],"predecessor-version":[{"id":2958,"href":"https:\/\/ddt21.noblogs.org\/index.php?rest_route=\/wp\/v2\/posts\/2939\/revisions\/2958"}],"wp:attachment":[{"href":"https:\/\/ddt21.noblogs.org\/index.php?rest_route=%2Fwp%2Fv2%2Fmedia&parent=2939"}],"wp:term":[{"taxonomy":"category","embeddable":true,"href":"https:\/\/ddt21.noblogs.org\/index.php?rest_route=%2Fwp%2Fv2%2Fcategories&post=2939"},{"taxonomy":"post_tag","embeddable":true,"href":"https:\/\/ddt21.noblogs.org\/index.php?rest_route=%2Fwp%2Fv2%2Ftags&post=2939"}],"curies":[{"name":"wp","href":"https:\/\/api.w.org\/{rel}","templated":true}]}}