{"id":2660,"date":"2020-02-17T19:45:29","date_gmt":"2020-02-17T18:45:29","guid":{"rendered":"https:\/\/ddt21.noblogs.org\/?p=2660"},"modified":"2021-02-28T17:41:37","modified_gmt":"2021-02-28T16:41:37","slug":"article-theorie-du-proletariat-une-histoire","status":"publish","type":"post","link":"https:\/\/ddt21.noblogs.org\/?p=2660","title":{"rendered":"ARTICLE \/ Th\u00e9orie du prol\u00e9tariat. Une histoire"},"content":{"rendered":"<p align=\"JUSTIFY\"><span style=\"color: #000000\"><span style=\"font-family: Georgia, serif\"><span style=\"font-size: medium\"><i><a href=\"https:\/\/ddt21.noblogs.org\/files\/2020\/02\/Th\u00e9orie-du-prol\u00e9tariat.-Une-histoire-1.jpg\"><img loading=\"lazy\" decoding=\"async\" class=\"alignleft size-medium wp-image-2653\" src=\"https:\/\/ddt21.noblogs.org\/files\/2020\/02\/Th\u00e9orie-du-prol\u00e9tariat.-Une-histoire-1-300x211.jpg\" alt=\"\" width=\"300\" height=\"211\" srcset=\"https:\/\/ddt21.noblogs.org\/files\/2020\/02\/Th\u00e9orie-du-prol\u00e9tariat.-Une-histoire-1-300x211.jpg 300w, https:\/\/ddt21.noblogs.org\/files\/2020\/02\/Th\u00e9orie-du-prol\u00e9tariat.-Une-histoire-1-1024x720.jpg 1024w, https:\/\/ddt21.noblogs.org\/files\/2020\/02\/Th\u00e9orie-du-prol\u00e9tariat.-Une-histoire-1-768x540.jpg 768w, https:\/\/ddt21.noblogs.org\/files\/2020\/02\/Th\u00e9orie-du-prol\u00e9tariat.-Une-histoire-1.jpg 1454w\" sizes=\"auto, (max-width: 300px) 100vw, 300px\" \/><\/a>Th\u00e9orie du prol\u00e9tariat. Une histoire<\/i> est une s\u00e9rie en 8 \u00e9pisodes de 55 minutes, diffus\u00e9e au d\u00e9but du XXI<sup>e<\/sup> si\u00e8cle.<br \/>\nSous forme de fiction historique, <i>Th\u00e9orie du prol\u00e9tariat. Une histoire <\/i>pr\u00e9sente diff\u00e9rentes \u00e9tapes de la doctrine communiste, en g\u00e9n\u00e9ral d\u2019inspiration marxiste, du milieu du XIX<sup>e<\/sup> si\u00e8cle \u00e0 nos jours&#8230; <a href=\"https:\/\/ddt21.noblogs.org\/?page_id=2647\" target=\"_blank\" rel=\"noopener noreferrer\"><strong>LIRE LA SUITE<\/strong><\/a><br \/>\n<\/span><\/span><\/span><\/p>\n","protected":false},"excerpt":{"rendered":"<p>Th\u00e9orie du prol\u00e9tariat. Une histoire est une s\u00e9rie en 8 \u00e9pisodes de 55 minutes, diffus\u00e9e au d\u00e9but du XXIe si\u00e8cle. Sous forme de fiction historique, Th\u00e9orie du prol\u00e9tariat. Une histoire pr\u00e9sente diff\u00e9rentes \u00e9tapes de la doctrine communiste, en g\u00e9n\u00e9ral d\u2019inspiration &hellip; <a href=\"https:\/\/ddt21.noblogs.org\/?p=2660\">Continuer la lecture <span class=\"meta-nav\">&rarr;<\/span><\/a><\/p>\n","protected":false},"author":8284,"featured_media":0,"comment_status":"closed","ping_status":"closed","sticky":false,"template":"","format":"standard","meta":{"footnotes":""},"categories":[4,11,26,44,6],"tags":[],"class_list":["post-2660","post","type-post","status-publish","format-standard","hentry","category-communisme-communisation","category-histoire","category-karl-marx","category-situationnistes","category-theorie"],"_links":{"self":[{"href":"https:\/\/ddt21.noblogs.org\/index.php?rest_route=\/wp\/v2\/posts\/2660","targetHints":{"allow":["GET"]}}],"collection":[{"href":"https:\/\/ddt21.noblogs.org\/index.php?rest_route=\/wp\/v2\/posts"}],"about":[{"href":"https:\/\/ddt21.noblogs.org\/index.php?rest_route=\/wp\/v2\/types\/post"}],"author":[{"embeddable":true,"href":"https:\/\/ddt21.noblogs.org\/index.php?rest_route=\/wp\/v2\/users\/8284"}],"replies":[{"embeddable":true,"href":"https:\/\/ddt21.noblogs.org\/index.php?rest_route=%2Fwp%2Fv2%2Fcomments&post=2660"}],"version-history":[{"count":2,"href":"https:\/\/ddt21.noblogs.org\/index.php?rest_route=\/wp\/v2\/posts\/2660\/revisions"}],"predecessor-version":[{"id":2665,"href":"https:\/\/ddt21.noblogs.org\/index.php?rest_route=\/wp\/v2\/posts\/2660\/revisions\/2665"}],"wp:attachment":[{"href":"https:\/\/ddt21.noblogs.org\/index.php?rest_route=%2Fwp%2Fv2%2Fmedia&parent=2660"}],"wp:term":[{"taxonomy":"category","embeddable":true,"href":"https:\/\/ddt21.noblogs.org\/index.php?rest_route=%2Fwp%2Fv2%2Fcategories&post=2660"},{"taxonomy":"post_tag","embeddable":true,"href":"https:\/\/ddt21.noblogs.org\/index.php?rest_route=%2Fwp%2Fv2%2Ftags&post=2660"}],"curies":[{"name":"wp","href":"https:\/\/api.w.org\/{rel}","templated":true}]}}