{"id":2310,"date":"2019-06-06T11:05:10","date_gmt":"2019-06-06T09:05:10","guid":{"rendered":"https:\/\/ddt21.noblogs.org\/?p=2310"},"modified":"2021-02-28T17:42:55","modified_gmt":"2021-02-28T16:42:55","slug":"sur-les-gilets-jaunes-episode-04-racisme-nationalisme-co","status":"publish","type":"post","link":"https:\/\/ddt21.noblogs.org\/?p=2310","title":{"rendered":"Sur les Gilets jaunes \/ \u00e9pisode 04. Racisme, nationalisme &amp; Co?"},"content":{"rendered":"<p style=\"text-align: justify\"><span style=\"color: #000000\"><a href=\"https:\/\/ddt21.noblogs.org\/files\/2019\/06\/Sur-les-Gilets-jaunes-ddt21-012.jpg\"><img loading=\"lazy\" decoding=\"async\" class=\"alignleft size-medium wp-image-2312\" src=\"https:\/\/ddt21.noblogs.org\/files\/2019\/06\/Sur-les-Gilets-jaunes-ddt21-012-300x200.jpg\" alt=\"\" width=\"300\" height=\"200\" srcset=\"https:\/\/ddt21.noblogs.org\/files\/2019\/06\/Sur-les-Gilets-jaunes-ddt21-012-300x200.jpg 300w, https:\/\/ddt21.noblogs.org\/files\/2019\/06\/Sur-les-Gilets-jaunes-ddt21-012-768x512.jpg 768w, https:\/\/ddt21.noblogs.org\/files\/2019\/06\/Sur-les-Gilets-jaunes-ddt21-012.jpg 975w\" sizes=\"auto, (max-width: 300px) 100vw, 300px\" \/><\/a>D\u00e8s le 17 novembre, le gouvernement, les m\u00e9dias et les repr\u00e9sentants d&rsquo;une bourgeoisie (intellectuels et artistes compris) effray\u00e9e par l&rsquo;irruption de gueux dans la rue entament une campagne de disqualification du mouvement des Gilets jaunes qui se trouve accus\u00e9 tout \u00e0 la fois d&rsquo;\u00eatre d&rsquo;extr\u00eame droite, nazi, sexiste, homophobe, raciste et antis\u00e9mite. Des \u00ab<\/span><em>\u00a0s\u00e9ditieux manipul\u00e9s par Marine Le Pen\u00a0<\/em><span style=\"color: #000000\">\u00bb selon Christophe Castaner, la \u00ab<i>\u00a0peste brune\u00a0<\/i>\u00bb selon G\u00e9rald Darmanin. Cette campagne, relay\u00e9e durant les premiers jours de la mobilisation par une partie des militants et organisations d&rsquo;extr\u00eame gauche, s&rsquo;appuie sur un tout petit nombre d&rsquo;incidents survenus le premier samedi et qui sont, \u00e0 cet effet, mont\u00e9s en \u00e9pingle. <strong><a href=\"https:\/\/ddt21.noblogs.org\/?page_id=2309&amp;preview=true\" target=\"_blank\" rel=\"noopener noreferrer\">LIRE LA SUITE<\/a><br \/>\n<\/strong><\/span><\/p>\n<p style=\"text-align: right\"><a href=\"https:\/\/ddt21.noblogs.org\/?page_id=2260\" target=\"_blank\" rel=\"noopener noreferrer\"><strong>ACC\u00c8S AU SOMMAIRE DU FEUILLETON<\/strong><\/a><i><br \/>\n<\/i><\/p>\n","protected":false},"excerpt":{"rendered":"<p>D\u00e8s le 17 novembre, le gouvernement, les m\u00e9dias et les repr\u00e9sentants d&rsquo;une bourgeoisie (intellectuels et artistes compris) effray\u00e9e par l&rsquo;irruption de gueux dans la rue entament une campagne de disqualification du mouvement des Gilets jaunes qui se trouve accus\u00e9 tout &hellip; <a href=\"https:\/\/ddt21.noblogs.org\/?p=2310\">Continuer la lecture <span class=\"meta-nav\">&rarr;<\/span><\/a><\/p>\n","protected":false},"author":8284,"featured_media":0,"comment_status":"closed","ping_status":"closed","sticky":false,"template":"","format":"standard","meta":{"footnotes":""},"categories":[7,15,12,16],"tags":[],"class_list":["post-2310","post","type-post","status-publish","format-standard","hentry","category-confusionnisme","category-extreme-droite","category-migrants","category-nationalisme"],"_links":{"self":[{"href":"https:\/\/ddt21.noblogs.org\/index.php?rest_route=\/wp\/v2\/posts\/2310","targetHints":{"allow":["GET"]}}],"collection":[{"href":"https:\/\/ddt21.noblogs.org\/index.php?rest_route=\/wp\/v2\/posts"}],"about":[{"href":"https:\/\/ddt21.noblogs.org\/index.php?rest_route=\/wp\/v2\/types\/post"}],"author":[{"embeddable":true,"href":"https:\/\/ddt21.noblogs.org\/index.php?rest_route=\/wp\/v2\/users\/8284"}],"replies":[{"embeddable":true,"href":"https:\/\/ddt21.noblogs.org\/index.php?rest_route=%2Fwp%2Fv2%2Fcomments&post=2310"}],"version-history":[{"count":6,"href":"https:\/\/ddt21.noblogs.org\/index.php?rest_route=\/wp\/v2\/posts\/2310\/revisions"}],"predecessor-version":[{"id":2339,"href":"https:\/\/ddt21.noblogs.org\/index.php?rest_route=\/wp\/v2\/posts\/2310\/revisions\/2339"}],"wp:attachment":[{"href":"https:\/\/ddt21.noblogs.org\/index.php?rest_route=%2Fwp%2Fv2%2Fmedia&parent=2310"}],"wp:term":[{"taxonomy":"category","embeddable":true,"href":"https:\/\/ddt21.noblogs.org\/index.php?rest_route=%2Fwp%2Fv2%2Fcategories&post=2310"},{"taxonomy":"post_tag","embeddable":true,"href":"https:\/\/ddt21.noblogs.org\/index.php?rest_route=%2Fwp%2Fv2%2Ftags&post=2310"}],"curies":[{"name":"wp","href":"https:\/\/api.w.org\/{rel}","templated":true}]}}