{"id":1627,"date":"2017-07-04T15:21:09","date_gmt":"2017-07-04T13:21:09","guid":{"rendered":"https:\/\/ddt21.noblogs.org\/?p=1627"},"modified":"2021-02-28T17:48:03","modified_gmt":"2021-02-28T16:48:03","slug":"lpr-identites-algeriennes","status":"publish","type":"post","link":"https:\/\/ddt21.noblogs.org\/?p=1627","title":{"rendered":"LPR \/ Identit\u00e9s alg\u00e9riennes ?"},"content":{"rendered":"<p><a href=\"https:\/\/ddt21.noblogs.org\/files\/2017\/07\/Kamel-Daoud-Mes-ind\u00e9pendances.jpg\"><img loading=\"lazy\" decoding=\"async\" class=\"alignleft size-medium wp-image-1628\" src=\"https:\/\/ddt21.noblogs.org\/files\/2017\/07\/Kamel-Daoud-Mes-ind\u00e9pendances-300x190.jpg\" alt=\"\" width=\"300\" height=\"190\" srcset=\"https:\/\/ddt21.noblogs.org\/files\/2017\/07\/Kamel-Daoud-Mes-ind\u00e9pendances-300x190.jpg 300w, https:\/\/ddt21.noblogs.org\/files\/2017\/07\/Kamel-Daoud-Mes-ind\u00e9pendances-768x487.jpg 768w, https:\/\/ddt21.noblogs.org\/files\/2017\/07\/Kamel-Daoud-Mes-ind\u00e9pendances-1024x649.jpg 1024w, https:\/\/ddt21.noblogs.org\/files\/2017\/07\/Kamel-Daoud-Mes-ind\u00e9pendances.jpg 1200w\" sizes=\"auto, (max-width: 300px) 100vw, 300px\" \/><\/a>Personne n\u2019est parfait. Kamel Daoud est journaliste, \u00e9crivain et d\u00e9mocrate. Entre\u00a02010 et\u00a02016 ce sont pr\u00e8s de 2000\u00a0chroniques qu\u2019il publie dans la presse alg\u00e9rienne, principalement dans <i>Le Quotidien d\u2019Oran\u00a0<\/i>; 182, s\u00e9lectionn\u00e9es pour un public fran\u00e7ais, sont regroup\u00e9es dans <i>Mes ind\u00e9pendances.<\/i><br \/>\nLa France n\u2019est d\u2019ailleurs jamais tr\u00e8s loin, et bien des sujets semblent familiers&#8230; <a href=\"https:\/\/ddt21.noblogs.org\/?page_id=1626&amp;preview=true\" target=\"_blank\" rel=\"noopener noreferrer\"><strong>LIRE LA SUITE<\/strong><\/a><\/p>\n","protected":false},"excerpt":{"rendered":"<p>Personne n\u2019est parfait. Kamel Daoud est journaliste, \u00e9crivain et d\u00e9mocrate. Entre\u00a02010 et\u00a02016 ce sont pr\u00e8s de 2000\u00a0chroniques qu\u2019il publie dans la presse alg\u00e9rienne, principalement dans Le Quotidien d\u2019Oran\u00a0; 182, s\u00e9lectionn\u00e9es pour un public fran\u00e7ais, sont regroup\u00e9es dans Mes ind\u00e9pendances. La &hellip; <a href=\"https:\/\/ddt21.noblogs.org\/?p=1627\">Continuer la lecture <span class=\"meta-nav\">&rarr;<\/span><\/a><\/p>\n","protected":false},"author":8284,"featured_media":0,"comment_status":"closed","ping_status":"closed","sticky":false,"template":"","format":"standard","meta":{"footnotes":""},"categories":[16,27,18],"tags":[],"class_list":["post-1627","post","type-post","status-publish","format-standard","hentry","category-nationalisme","category-pays-algerie","category-religion"],"_links":{"self":[{"href":"https:\/\/ddt21.noblogs.org\/index.php?rest_route=\/wp\/v2\/posts\/1627","targetHints":{"allow":["GET"]}}],"collection":[{"href":"https:\/\/ddt21.noblogs.org\/index.php?rest_route=\/wp\/v2\/posts"}],"about":[{"href":"https:\/\/ddt21.noblogs.org\/index.php?rest_route=\/wp\/v2\/types\/post"}],"author":[{"embeddable":true,"href":"https:\/\/ddt21.noblogs.org\/index.php?rest_route=\/wp\/v2\/users\/8284"}],"replies":[{"embeddable":true,"href":"https:\/\/ddt21.noblogs.org\/index.php?rest_route=%2Fwp%2Fv2%2Fcomments&post=1627"}],"version-history":[{"count":5,"href":"https:\/\/ddt21.noblogs.org\/index.php?rest_route=\/wp\/v2\/posts\/1627\/revisions"}],"predecessor-version":[{"id":2867,"href":"https:\/\/ddt21.noblogs.org\/index.php?rest_route=\/wp\/v2\/posts\/1627\/revisions\/2867"}],"wp:attachment":[{"href":"https:\/\/ddt21.noblogs.org\/index.php?rest_route=%2Fwp%2Fv2%2Fmedia&parent=1627"}],"wp:term":[{"taxonomy":"category","embeddable":true,"href":"https:\/\/ddt21.noblogs.org\/index.php?rest_route=%2Fwp%2Fv2%2Fcategories&post=1627"},{"taxonomy":"post_tag","embeddable":true,"href":"https:\/\/ddt21.noblogs.org\/index.php?rest_route=%2Fwp%2Fv2%2Ftags&post=1627"}],"curies":[{"name":"wp","href":"https:\/\/api.w.org\/{rel}","templated":true}]}}